{"id":2879,"date":"2022-03-30T10:05:16","date_gmt":"2022-03-30T08:05:16","guid":{"rendered":"https:\/\/exearquitectura.com\/forum-dhabitatge-i-rehabilitacio-de-barcelona-fhar\/"},"modified":"2024-03-13T12:53:40","modified_gmt":"2024-03-13T11:53:40","slug":"forum-dhabitatge-i-rehabilitacio-de-barcelona-fhar","status":"publish","type":"post","link":"https:\/\/exearquitectura.com\/ca\/forum-dhabitatge-i-rehabilitacio-de-barcelona-fhar\/","title":{"rendered":"F\u00f2rum d\u2019Habitatge i Rehabilitaci\u00f3 de Barcelona (FHAR)"},"content":{"rendered":"\n<p>El novembre del 2022 es va celebrar un nou <strong>F\u00f2rum d\u2019Habitatge i Rehabilitaci\u00f3 de Barcelona (FHAR)<\/strong>, organitzat per <strong>l\u2019Institut Municipal de l\u2019Habitatge i Rehabilitaci\u00f3 de Barcelona (IMHAB)<\/strong>, i n\u2019hem format part com a oradors.<\/p>\n\n<p>Enguany el <strong>FHAR<\/strong> va oferir diverses pon\u00e8ncies distribu\u00efdes en dos dies, on experts de l\u2019habitatge i l\u2019urbanisme van analitzar i debatre sobre tres tem\u00e0tiques de plena vig\u00e8ncia i amb forta repercussi\u00f3 social: la construcci\u00f3 d\u2019habitatge p\u00fablic industrialitzat, la rehabilitaci\u00f3 i l\u2019emerg\u00e8ncia habitacional.<\/p>\n\n<p><strong>Marc Obrad\u00f3, d\u2019EXE ARQUITECTURA<\/strong>, va participar a la pon\u00e8ncia sobre l\u2019habitatge p\u00fablic industrialitzat, juntament amb Yaiza Terr\u00e9 (Yaiza Terr\u00e9 Estudi d\u2019Arquitectura), Irene Subils (arquitecta a la ger\u00e8ncia de Drets Socials, Just\u00edcia Global, Feminismes i LGTBI) i Llu\u00eds Roig (Tribuna d\u2019Arquitectura).<br\/><br\/>Barcelona \u00e9s pionera a Catalunya i a l\u2019Estat en la construcci\u00f3 industrialitzada modular d\u2019habitatge social i, per aix\u00f2, <strong>Marc Obrad\u00f3 va presentar el projecte <a href=\"https:\/\/exearquitectura.com\/ca\/project\/imhab-marroc\/\" target=\"_blank\" rel=\"noreferrer noopener\">Marroc 180,<\/a><\/strong>dissenyat en col\u00b7laboraci\u00f3 amb <strong>Vives Arquitectes.<\/strong>Es tracta d\u2019un edifici d\u2019habitatge social de 45 pisos, amb espais comunitaris i locals a la planta baixa situat al barri del Poblenou; actualment est\u00e0 en fase d\u2019obra i exemplifica els beneficis dels sistemes constructius industrialitzats. En aquest cas, tots els materials constructius s\u00f3n prefabricats, reciclables o reutilitzables per optimitzar els temps d\u2019execuci\u00f3 (planificaci\u00f3 exacta, simultane\u00eftat d\u2019execuci\u00f3 amb obra in situ, despla\u00e7aments m\u00ednims, etc.), reduir els costos de construcci\u00f3 (estructura lleugera, reducci\u00f3 de fonaments), obtenir m\u00e9s control de qualitat (visites d\u2019obra a f\u00e0brica), reduir els costos mediambientals durant la construcci\u00f3 (optimitzaci\u00f3, reducci\u00f3 de residus), garantir el tancament del seu cicle de vida al final del de l\u2019edifici i garantir, aix\u00ed mateix, la seguretat i el confort laboral.<\/p>\n\n<p>Pots llegir la nota directament al web de <strong><a href=\"https:\/\/www.habitatge.barcelona\/ca\/noticia\/el-paper-de-barcelona-en-la-construccio-sostenible-i-el-dret-a-lhabitatge-marquen-la-primera-jornada-del-fhar_1232488\">l\u2019Ajuntament de Barcelona.<\/a><\/strong><\/p>\n\n<p><\/p>\n","protected":false},"excerpt":{"rendered":"<p>El novembre del 2022 es va celebrar un nou F\u00f2rum d\u2019Habitatge i Rehabilitaci\u00f3 de Barcelona (FHAR), organitzat per l\u2019Institut Municipal de l\u2019Habitatge i &#8230;<\/p>\n","protected":false},"author":2,"featured_media":1908,"comment_status":"open","ping_status":"closed","sticky":false,"template":"","format":"standard","meta":{"_acf_changed":false,"footnotes":""},"categories":[964,358,644,967],"tags":[340,347,341,649,346,646,342,645,344,648,345,343,647,339,388],"class_list":["post-2879","post","type-post","status-publish","format-standard","has-post-thumbnail","hentry","category-benestar-residencial","category-construccio-industrialitzada","category-habitatge-social","category-qualitat-constructiva","tag-barcelona-ca","tag-benestarresidencial","tag-collaboracioexhaustiva","tag-compacthabit-ca","tag-confortinterior-ca","tag-designandbuild-ca","tag-eficienciaenergetica-ca","tag-habitatgesocial","tag-innovacioarquitectonica","tag-integraciourbana","tag-models3d","tag-qualitatconstructiva","tag-reduccioco2","tag-sostenibilitatmediambiental","tag-treballcolaboratiu"],"acf":[],"yoast_head":"<!-- This site is optimized with the Yoast SEO plugin v27.5 - https:\/\/yoast.com\/product\/yoast-seo-wordpress\/ -->\n<title>F\u00f2rum d\u2019Habitatge i Rehabilitaci\u00f3 de Barcelona (FHAR) - exearquitectura<\/title>\n<meta name=\"description\" content=\"El novembre del 2022 es va celebrar un nou F\u00f2rum d\u2019Habitatge i Rehabilitaci\u00f3 de Barcelona (FHAR), organitzat per l\u2019Institut Municipal...\" \/>\n<meta name=\"robots\" content=\"index, follow, max-snippet:-1, max-image-preview:large, max-video-preview:-1\" \/>\n<link rel=\"canonical\" href=\"https:\/\/exearquitectura.com\/ca\/forum-dhabitatge-i-rehabilitacio-de-barcelona-fhar\/\" \/>\n<meta property=\"og:locale\" content=\"ca_ES\" \/>\n<meta property=\"og:type\" content=\"article\" \/>\n<meta property=\"og:title\" content=\"F\u00f2rum d\u2019Habitatge i Rehabilitaci\u00f3 de Barcelona (FHAR) - exearquitectura\" \/>\n<meta property=\"og:description\" content=\"El novembre del 2022 es va celebrar un nou F\u00f2rum d\u2019Habitatge i Rehabilitaci\u00f3 de Barcelona (FHAR), organitzat per l\u2019Institut Municipal...\" \/>\n<meta property=\"og:url\" content=\"https:\/\/exearquitectura.com\/ca\/forum-dhabitatge-i-rehabilitacio-de-barcelona-fhar\/\" \/>\n<meta property=\"og:site_name\" content=\"exearquitectura\" \/>\n<meta property=\"article:published_time\" content=\"2022-03-30T08:05:16+00:00\" \/>\n<meta property=\"article:modified_time\" content=\"2024-03-13T11:53:40+00:00\" \/>\n<meta property=\"og:image\" content=\"https:\/\/exearquitectura.com\/wp-content\/uploads\/2022\/03\/1-FHAR-copia.jpg\" \/>\n\t<meta property=\"og:image:width\" content=\"1920\" \/>\n\t<meta property=\"og:image:height\" content=\"1093\" \/>\n\t<meta property=\"og:image:type\" content=\"image\/jpeg\" \/>\n<meta name=\"author\" content=\"JorgeEARQ\" \/>\n<meta name=\"twitter:card\" content=\"summary_large_image\" \/>\n<meta name=\"twitter:label1\" content=\"Escrit per\" \/>\n\t<meta name=\"twitter:data1\" content=\"JorgeEARQ\" \/>\n\t<meta name=\"twitter:label2\" content=\"Temps estimat de lectura\" \/>\n\t<meta name=\"twitter:data2\" content=\"2 minuts\" \/>\n<script type=\"application\/ld+json\" class=\"yoast-schema-graph\">{\"@context\":\"https:\\\/\\\/schema.org\",\"@graph\":[{\"@type\":\"Article\",\"@id\":\"https:\\\/\\\/exearquitectura.com\\\/ca\\\/forum-dhabitatge-i-rehabilitacio-de-barcelona-fhar\\\/#article\",\"isPartOf\":{\"@id\":\"https:\\\/\\\/exearquitectura.com\\\/ca\\\/forum-dhabitatge-i-rehabilitacio-de-barcelona-fhar\\\/\"},\"author\":{\"name\":\"JorgeEARQ\",\"@id\":\"https:\\\/\\\/exearquitectura.com\\\/#\\\/schema\\\/person\\\/f7d785d59592c8665ff5045eab6070c3\"},\"headline\":\"F\u00f2rum d\u2019Habitatge i Rehabilitaci\u00f3 de Barcelona (FHAR)\",\"datePublished\":\"2022-03-30T08:05:16+00:00\",\"dateModified\":\"2024-03-13T11:53:40+00:00\",\"mainEntityOfPage\":{\"@id\":\"https:\\\/\\\/exearquitectura.com\\\/ca\\\/forum-dhabitatge-i-rehabilitacio-de-barcelona-fhar\\\/\"},\"wordCount\":323,\"commentCount\":0,\"image\":{\"@id\":\"https:\\\/\\\/exearquitectura.com\\\/ca\\\/forum-dhabitatge-i-rehabilitacio-de-barcelona-fhar\\\/#primaryimage\"},\"thumbnailUrl\":\"https:\\\/\\\/exearquitectura.com\\\/wp-content\\\/uploads\\\/2022\\\/03\\\/1-FHAR-copia.jpg\",\"keywords\":[\"Barcelona\",\"BenestarResidencial\",\"Col\u00b7laboraci\u00f3Exhaustiva\",\"CompactHabit\",\"ConfortInterior\",\"DesignAndBuild\",\"Efici\u00e8nciaEnerg\u00e8tica\",\"HabitatgeSocial\",\"Innovaci\u00f3Arquitect\u00f2nica\",\"Integraci\u00f3Urbana\",\"Models3D\",\"QualitatConstructiva\",\"Reducci\u00f3CO2\",\"SostenibilitatMediambiental\",\"TreballColaboratiu\"],\"articleSection\":[\"Benestar Residencial\",\"Construcci\u00f3 Industrialitzada\",\"Habitatge social\",\"Qualitat Constructiva\"],\"inLanguage\":\"ca\"},{\"@type\":\"WebPage\",\"@id\":\"https:\\\/\\\/exearquitectura.com\\\/ca\\\/forum-dhabitatge-i-rehabilitacio-de-barcelona-fhar\\\/\",\"url\":\"https:\\\/\\\/exearquitectura.com\\\/ca\\\/forum-dhabitatge-i-rehabilitacio-de-barcelona-fhar\\\/\",\"name\":\"F\u00f2rum d\u2019Habitatge i Rehabilitaci\u00f3 de Barcelona (FHAR) - exearquitectura\",\"isPartOf\":{\"@id\":\"https:\\\/\\\/exearquitectura.com\\\/#website\"},\"primaryImageOfPage\":{\"@id\":\"https:\\\/\\\/exearquitectura.com\\\/ca\\\/forum-dhabitatge-i-rehabilitacio-de-barcelona-fhar\\\/#primaryimage\"},\"image\":{\"@id\":\"https:\\\/\\\/exearquitectura.com\\\/ca\\\/forum-dhabitatge-i-rehabilitacio-de-barcelona-fhar\\\/#primaryimage\"},\"thumbnailUrl\":\"https:\\\/\\\/exearquitectura.com\\\/wp-content\\\/uploads\\\/2022\\\/03\\\/1-FHAR-copia.jpg\",\"datePublished\":\"2022-03-30T08:05:16+00:00\",\"dateModified\":\"2024-03-13T11:53:40+00:00\",\"author\":{\"@id\":\"https:\\\/\\\/exearquitectura.com\\\/#\\\/schema\\\/person\\\/f7d785d59592c8665ff5045eab6070c3\"},\"description\":\"El novembre del 2022 es va celebrar un nou F\u00f2rum d\u2019Habitatge i Rehabilitaci\u00f3 de Barcelona (FHAR), organitzat per l\u2019Institut Municipal...\",\"breadcrumb\":{\"@id\":\"https:\\\/\\\/exearquitectura.com\\\/ca\\\/forum-dhabitatge-i-rehabilitacio-de-barcelona-fhar\\\/#breadcrumb\"},\"inLanguage\":\"ca\",\"potentialAction\":[{\"@type\":\"ReadAction\",\"target\":[\"https:\\\/\\\/exearquitectura.com\\\/ca\\\/forum-dhabitatge-i-rehabilitacio-de-barcelona-fhar\\\/\"]}]},{\"@type\":\"ImageObject\",\"inLanguage\":\"ca\",\"@id\":\"https:\\\/\\\/exearquitectura.com\\\/ca\\\/forum-dhabitatge-i-rehabilitacio-de-barcelona-fhar\\\/#primaryimage\",\"url\":\"https:\\\/\\\/exearquitectura.com\\\/wp-content\\\/uploads\\\/2022\\\/03\\\/1-FHAR-copia.jpg\",\"contentUrl\":\"https:\\\/\\\/exearquitectura.com\\\/wp-content\\\/uploads\\\/2022\\\/03\\\/1-FHAR-copia.jpg\",\"width\":1920,\"height\":1093},{\"@type\":\"BreadcrumbList\",\"@id\":\"https:\\\/\\\/exearquitectura.com\\\/ca\\\/forum-dhabitatge-i-rehabilitacio-de-barcelona-fhar\\\/#breadcrumb\",\"itemListElement\":[{\"@type\":\"ListItem\",\"position\":1,\"name\":\"Portada\",\"item\":\"https:\\\/\\\/exearquitectura.com\\\/\"},{\"@type\":\"ListItem\",\"position\":2,\"name\":\"F\u00f2rum d\u2019Habitatge i Rehabilitaci\u00f3 de Barcelona (FHAR)\"}]},{\"@type\":\"WebSite\",\"@id\":\"https:\\\/\\\/exearquitectura.com\\\/#website\",\"url\":\"https:\\\/\\\/exearquitectura.com\\\/\",\"name\":\"exearquitectura\",\"description\":\"Building a better tomorrow today\",\"potentialAction\":[{\"@type\":\"SearchAction\",\"target\":{\"@type\":\"EntryPoint\",\"urlTemplate\":\"https:\\\/\\\/exearquitectura.com\\\/?s={search_term_string}\"},\"query-input\":{\"@type\":\"PropertyValueSpecification\",\"valueRequired\":true,\"valueName\":\"search_term_string\"}}],\"inLanguage\":\"ca\"},{\"@type\":\"Person\",\"@id\":\"https:\\\/\\\/exearquitectura.com\\\/#\\\/schema\\\/person\\\/f7d785d59592c8665ff5045eab6070c3\",\"name\":\"JorgeEARQ\",\"image\":{\"@type\":\"ImageObject\",\"inLanguage\":\"ca\",\"@id\":\"https:\\\/\\\/secure.gravatar.com\\\/avatar\\\/29ef4f994990ed757e3703722fadee0034981240e54c50aa0fb737c89ce62196?s=96&d=mm&r=g\",\"url\":\"https:\\\/\\\/secure.gravatar.com\\\/avatar\\\/29ef4f994990ed757e3703722fadee0034981240e54c50aa0fb737c89ce62196?s=96&d=mm&r=g\",\"contentUrl\":\"https:\\\/\\\/secure.gravatar.com\\\/avatar\\\/29ef4f994990ed757e3703722fadee0034981240e54c50aa0fb737c89ce62196?s=96&d=mm&r=g\",\"caption\":\"JorgeEARQ\"},\"url\":\"https:\\\/\\\/exearquitectura.com\\\/ca\\\/author\\\/jorgeearq\\\/\"}]}<\/script>\n<!-- \/ Yoast SEO plugin. -->","yoast_head_json":{"title":"F\u00f2rum d\u2019Habitatge i Rehabilitaci\u00f3 de Barcelona (FHAR) - exearquitectura","description":"El novembre del 2022 es va celebrar un nou F\u00f2rum d\u2019Habitatge i Rehabilitaci\u00f3 de Barcelona (FHAR), organitzat per l\u2019Institut Municipal...","robots":{"index":"index","follow":"follow","max-snippet":"max-snippet:-1","max-image-preview":"max-image-preview:large","max-video-preview":"max-video-preview:-1"},"canonical":"https:\/\/exearquitectura.com\/ca\/forum-dhabitatge-i-rehabilitacio-de-barcelona-fhar\/","og_locale":"ca_ES","og_type":"article","og_title":"F\u00f2rum d\u2019Habitatge i Rehabilitaci\u00f3 de Barcelona (FHAR) - exearquitectura","og_description":"El novembre del 2022 es va celebrar un nou F\u00f2rum d\u2019Habitatge i Rehabilitaci\u00f3 de Barcelona (FHAR), organitzat per l\u2019Institut Municipal...","og_url":"https:\/\/exearquitectura.com\/ca\/forum-dhabitatge-i-rehabilitacio-de-barcelona-fhar\/","og_site_name":"exearquitectura","article_published_time":"2022-03-30T08:05:16+00:00","article_modified_time":"2024-03-13T11:53:40+00:00","og_image":[{"width":1920,"height":1093,"url":"https:\/\/exearquitectura.com\/wp-content\/uploads\/2022\/03\/1-FHAR-copia.jpg","type":"image\/jpeg"}],"author":"JorgeEARQ","twitter_card":"summary_large_image","twitter_misc":{"Escrit per":"JorgeEARQ","Temps estimat de lectura":"2 minuts"},"schema":{"@context":"https:\/\/schema.org","@graph":[{"@type":"Article","@id":"https:\/\/exearquitectura.com\/ca\/forum-dhabitatge-i-rehabilitacio-de-barcelona-fhar\/#article","isPartOf":{"@id":"https:\/\/exearquitectura.com\/ca\/forum-dhabitatge-i-rehabilitacio-de-barcelona-fhar\/"},"author":{"name":"JorgeEARQ","@id":"https:\/\/exearquitectura.com\/#\/schema\/person\/f7d785d59592c8665ff5045eab6070c3"},"headline":"F\u00f2rum d\u2019Habitatge i Rehabilitaci\u00f3 de Barcelona (FHAR)","datePublished":"2022-03-30T08:05:16+00:00","dateModified":"2024-03-13T11:53:40+00:00","mainEntityOfPage":{"@id":"https:\/\/exearquitectura.com\/ca\/forum-dhabitatge-i-rehabilitacio-de-barcelona-fhar\/"},"wordCount":323,"commentCount":0,"image":{"@id":"https:\/\/exearquitectura.com\/ca\/forum-dhabitatge-i-rehabilitacio-de-barcelona-fhar\/#primaryimage"},"thumbnailUrl":"https:\/\/exearquitectura.com\/wp-content\/uploads\/2022\/03\/1-FHAR-copia.jpg","keywords":["Barcelona","BenestarResidencial","Col\u00b7laboraci\u00f3Exhaustiva","CompactHabit","ConfortInterior","DesignAndBuild","Efici\u00e8nciaEnerg\u00e8tica","HabitatgeSocial","Innovaci\u00f3Arquitect\u00f2nica","Integraci\u00f3Urbana","Models3D","QualitatConstructiva","Reducci\u00f3CO2","SostenibilitatMediambiental","TreballColaboratiu"],"articleSection":["Benestar Residencial","Construcci\u00f3 Industrialitzada","Habitatge social","Qualitat Constructiva"],"inLanguage":"ca"},{"@type":"WebPage","@id":"https:\/\/exearquitectura.com\/ca\/forum-dhabitatge-i-rehabilitacio-de-barcelona-fhar\/","url":"https:\/\/exearquitectura.com\/ca\/forum-dhabitatge-i-rehabilitacio-de-barcelona-fhar\/","name":"F\u00f2rum d\u2019Habitatge i Rehabilitaci\u00f3 de Barcelona (FHAR) - exearquitectura","isPartOf":{"@id":"https:\/\/exearquitectura.com\/#website"},"primaryImageOfPage":{"@id":"https:\/\/exearquitectura.com\/ca\/forum-dhabitatge-i-rehabilitacio-de-barcelona-fhar\/#primaryimage"},"image":{"@id":"https:\/\/exearquitectura.com\/ca\/forum-dhabitatge-i-rehabilitacio-de-barcelona-fhar\/#primaryimage"},"thumbnailUrl":"https:\/\/exearquitectura.com\/wp-content\/uploads\/2022\/03\/1-FHAR-copia.jpg","datePublished":"2022-03-30T08:05:16+00:00","dateModified":"2024-03-13T11:53:40+00:00","author":{"@id":"https:\/\/exearquitectura.com\/#\/schema\/person\/f7d785d59592c8665ff5045eab6070c3"},"description":"El novembre del 2022 es va celebrar un nou F\u00f2rum d\u2019Habitatge i Rehabilitaci\u00f3 de Barcelona (FHAR), organitzat per l\u2019Institut Municipal...","breadcrumb":{"@id":"https:\/\/exearquitectura.com\/ca\/forum-dhabitatge-i-rehabilitacio-de-barcelona-fhar\/#breadcrumb"},"inLanguage":"ca","potentialAction":[{"@type":"ReadAction","target":["https:\/\/exearquitectura.com\/ca\/forum-dhabitatge-i-rehabilitacio-de-barcelona-fhar\/"]}]},{"@type":"ImageObject","inLanguage":"ca","@id":"https:\/\/exearquitectura.com\/ca\/forum-dhabitatge-i-rehabilitacio-de-barcelona-fhar\/#primaryimage","url":"https:\/\/exearquitectura.com\/wp-content\/uploads\/2022\/03\/1-FHAR-copia.jpg","contentUrl":"https:\/\/exearquitectura.com\/wp-content\/uploads\/2022\/03\/1-FHAR-copia.jpg","width":1920,"height":1093},{"@type":"BreadcrumbList","@id":"https:\/\/exearquitectura.com\/ca\/forum-dhabitatge-i-rehabilitacio-de-barcelona-fhar\/#breadcrumb","itemListElement":[{"@type":"ListItem","position":1,"name":"Portada","item":"https:\/\/exearquitectura.com\/"},{"@type":"ListItem","position":2,"name":"F\u00f2rum d\u2019Habitatge i Rehabilitaci\u00f3 de Barcelona (FHAR)"}]},{"@type":"WebSite","@id":"https:\/\/exearquitectura.com\/#website","url":"https:\/\/exearquitectura.com\/","name":"exearquitectura","description":"Building a better tomorrow today","potentialAction":[{"@type":"SearchAction","target":{"@type":"EntryPoint","urlTemplate":"https:\/\/exearquitectura.com\/?s={search_term_string}"},"query-input":{"@type":"PropertyValueSpecification","valueRequired":true,"valueName":"search_term_string"}}],"inLanguage":"ca"},{"@type":"Person","@id":"https:\/\/exearquitectura.com\/#\/schema\/person\/f7d785d59592c8665ff5045eab6070c3","name":"JorgeEARQ","image":{"@type":"ImageObject","inLanguage":"ca","@id":"https:\/\/secure.gravatar.com\/avatar\/29ef4f994990ed757e3703722fadee0034981240e54c50aa0fb737c89ce62196?s=96&d=mm&r=g","url":"https:\/\/secure.gravatar.com\/avatar\/29ef4f994990ed757e3703722fadee0034981240e54c50aa0fb737c89ce62196?s=96&d=mm&r=g","contentUrl":"https:\/\/secure.gravatar.com\/avatar\/29ef4f994990ed757e3703722fadee0034981240e54c50aa0fb737c89ce62196?s=96&d=mm&r=g","caption":"JorgeEARQ"},"url":"https:\/\/exearquitectura.com\/ca\/author\/jorgeearq\/"}]}},"_links":{"self":[{"href":"https:\/\/exearquitectura.com\/ca\/wp-json\/wp\/v2\/posts\/2879","targetHints":{"allow":["GET"]}}],"collection":[{"href":"https:\/\/exearquitectura.com\/ca\/wp-json\/wp\/v2\/posts"}],"about":[{"href":"https:\/\/exearquitectura.com\/ca\/wp-json\/wp\/v2\/types\/post"}],"author":[{"embeddable":true,"href":"https:\/\/exearquitectura.com\/ca\/wp-json\/wp\/v2\/users\/2"}],"replies":[{"embeddable":true,"href":"https:\/\/exearquitectura.com\/ca\/wp-json\/wp\/v2\/comments?post=2879"}],"version-history":[{"count":7,"href":"https:\/\/exearquitectura.com\/ca\/wp-json\/wp\/v2\/posts\/2879\/revisions"}],"predecessor-version":[{"id":3544,"href":"https:\/\/exearquitectura.com\/ca\/wp-json\/wp\/v2\/posts\/2879\/revisions\/3544"}],"wp:featuredmedia":[{"embeddable":true,"href":"https:\/\/exearquitectura.com\/ca\/wp-json\/wp\/v2\/media\/1908"}],"wp:attachment":[{"href":"https:\/\/exearquitectura.com\/ca\/wp-json\/wp\/v2\/media?parent=2879"}],"wp:term":[{"taxonomy":"category","embeddable":true,"href":"https:\/\/exearquitectura.com\/ca\/wp-json\/wp\/v2\/categories?post=2879"},{"taxonomy":"post_tag","embeddable":true,"href":"https:\/\/exearquitectura.com\/ca\/wp-json\/wp\/v2\/tags?post=2879"}],"curies":[{"name":"wp","href":"https:\/\/api.w.org\/{rel}","templated":true}]}}