{"id":2732,"date":"2023-07-24T17:06:51","date_gmt":"2023-07-24T15:06:51","guid":{"rendered":"https:\/\/exearquitectura.com\/com-un-edifici-pot-ajudar-a-descarbonitzar-el-mon\/"},"modified":"2024-02-15T12:23:01","modified_gmt":"2024-02-15T11:23:01","slug":"com-un-edifici-pot-ajudar-a-descarbonitzar-el-mon","status":"publish","type":"post","link":"https:\/\/exearquitectura.com\/ca\/com-un-edifici-pot-ajudar-a-descarbonitzar-el-mon\/","title":{"rendered":"Com un edifici pot ajudar a descarbonitzar el m\u00f3n"},"content":{"rendered":"\n<p>El projecte <strong><a href=\"https:\/\/exearquitectura.com\/ca\/project\/casernes-j56\/\" target=\"_blank\" rel=\"noreferrer noopener\">Casernas J56<\/a><\/strong> albergar\u00e0 56 habitatges i una llar d'infants a la planta baixa de l'edifici, a m\u00e9s d\u2019incloure zones comunit\u00e0ries. Tot el projecte s'ha estat desenvolupat amb est\u00e0ndards elevats de <strong>sostenibilitat<\/strong> i <strong>salut per als habitants.<\/strong><\/p>\n\n<p>L'edifici <strong><a href=\"https:\/\/exearquitectura.com\/ca\/project\/casernes-j56\/\" target=\"_blank\" rel=\"noreferrer noopener\">Casernes J56<\/a><\/strong> de quatre plantes, dissenyat per <strong>VIVES ARQUITECTES<\/strong> i <strong>Exe Arquitectura<\/strong> s\u2019ha concebut en model col\u00b7laboratiu amb la <strong>Constructora del Cardoner<\/strong> i <strong>011h,<\/strong> pper enc\u00e0rrec de l\u2019Institut Municipal d\u2019Habitatge de Barcelona (<strong>IMHAB<\/strong>).<\/p>\n\n<p>Hem ideat el projecte amb la voluntat d\u2019impulsar una nova manera de dissenyar i construir a trav\u00e9s de la digitalitzaci\u00f3 i l\u2019\u00fas de materials circulars, posant les persones al centre.<br\/>Els nostres ideals constructius es reforcen amb el desenvolupament de projectes en qu\u00e8 col\u00b7laboren altres empreses del sector que prioritzen les persones, amb un elevat concepte de la salut i la sostenibilitat.<\/p>\n\n<p>Els 56 habitatges de <strong><a href=\"https:\/\/exearquitectura.com\/ca\/project\/casernes-j56\/\" target=\"_blank\" rel=\"noreferrer noopener\">Casernes<\/a><\/strong> Casernes s\u2019aixecaran en pocs mesos gr\u00e0cies a la construcci\u00f3 industrialitzada que proporciona aquest model constructiu. Calculem que caldran<strong>685,35 tones de fusta<\/strong> produ\u00efda 100% en el Pa\u00eds Basc. Amb l\u2019\u00fas de la fusta, es fomenta una gesti\u00f3 forestal curosa i s\u2019afavoreix la regeneraci\u00f3 assistida o natural dels boscos, la qual cosa <strong>minimitza possibles devastacions propiciades per l\u2019escalfament global.<\/strong> La fusta utilitzada a <strong><a href=\"https:\/\/exearquitectura.com\/ca\/project\/casernes-j56\/\" target=\"_blank\" rel=\"noreferrer noopener\">Casernes,<\/a><\/strong> estalviar\u00e0 <strong>1.318 tones d\u2019emissions de CO2<\/strong>, que \u00e9s l\u2019equivalent de retirar de la circulaci\u00f3 m\u00e9s de 642 cotxes durant un any. <strong>Carlos Llibre<\/strong>, responsable de projectes de <strong>011h<\/strong>, ha assenyalat que destaquen <em>\u201cla concepci\u00f3 innovadora d\u2019EXE ARQUITECTURA i Vives Arquitectes en aquest disseny amb criteris de m\u00e0xima industrialitzaci\u00f3 i sostenibilitat mediambiental\u201d.<\/em><\/p>\n\n<p>Si vols saber m\u00e9s coses sobre com va comen\u00e7ar aquest projecte, pots visitar el web <strong><a href=\"https:\/\/www.barcelona.cat\/infobarcelona\/es\/tema\/vivienda\/mas-vivienda-publica-y-un-nuevo-jardin-de-infancia-en-los-cuarteles-de-sant-andreu_1267043.html\" target=\"_blank\" rel=\"noreferrer noopener\">de l'Ajuntament de Barcelona<\/a><\/strong><\/p>\n\n<p><\/p>\n","protected":false},"excerpt":{"rendered":"<p>El projecte Casernes J56 albergar\u00e0 56 habitatges i una llar d\u2019infants a la planta baixa de l\u2019edifici, a m\u00e9s d\u2019incloure zones comunit\u00e0ries. Tot el projecte s\u2019ha desenvolupat amb&#8230;<\/p>\n","protected":false},"author":2,"featured_media":2033,"comment_status":"open","ping_status":"closed","sticky":false,"template":"","format":"standard","meta":{"_acf_changed":false,"footnotes":""},"categories":[358,357,644,355,352],"tags":[389,387,342,344,974,345,372,392,973,343,385,975,386,388],"class_list":["post-2732","post","type-post","status-publish","format-standard","has-post-thumbnail","hentry","category-construccio-industrialitzada","category-eficiencia-energetica-ca","category-habitatge-social","category-sostenibilitat-mediambiental","category-treball-collaboratiu","tag-arquitecturaindustrialitzada","tag-benestarnatural","tag-eficienciaenergetica-ca","tag-innovacioarquitectonica","tag-materials","tag-models3d","tag-naturalesaintegrada","tag-prefabricacio","tag-projectesindustrialitzats-ca","tag-qualitatconstructiva","tag-recuperacioespais","tag-sostenibilitat","tag-sostenibilitatambiental","tag-treballcolaboratiu"],"acf":[],"yoast_head":"<!-- This site is optimized with the Yoast SEO plugin v27.4 - https:\/\/yoast.com\/product\/yoast-seo-wordpress\/ -->\n<title>Com un edifici pot ajudar a descarbonitzar el m\u00f3n - exearquitectura<\/title>\n<meta name=\"description\" content=\"El projecte Casernes J56 albergar\u00e0 56 habitatges i una llar d\u2019infants a la planta baixa de l\u2019edifici, a m\u00e9s d\u2019incloure zones comunit\u00e0ries.\" \/>\n<meta name=\"robots\" content=\"index, follow, max-snippet:-1, max-image-preview:large, max-video-preview:-1\" \/>\n<link rel=\"canonical\" href=\"https:\/\/exearquitectura.com\/ca\/com-un-edifici-pot-ajudar-a-descarbonitzar-el-mon\/\" \/>\n<meta property=\"og:locale\" content=\"ca_ES\" \/>\n<meta property=\"og:type\" content=\"article\" \/>\n<meta property=\"og:title\" content=\"Com un edifici pot ajudar a descarbonitzar el m\u00f3n - exearquitectura\" \/>\n<meta property=\"og:description\" content=\"El projecte Casernes J56 albergar\u00e0 56 habitatges i una llar d\u2019infants a la planta baixa de l\u2019edifici, a m\u00e9s d\u2019incloure zones comunit\u00e0ries.\" \/>\n<meta property=\"og:url\" content=\"https:\/\/exearquitectura.com\/ca\/com-un-edifici-pot-ajudar-a-descarbonitzar-el-mon\/\" \/>\n<meta property=\"og:site_name\" content=\"exearquitectura\" \/>\n<meta property=\"article:published_time\" content=\"2023-07-24T15:06:51+00:00\" \/>\n<meta property=\"article:modified_time\" content=\"2024-02-15T11:23:01+00:00\" \/>\n<meta property=\"og:image\" content=\"https:\/\/exearquitectura.com\/wp-content\/uploads\/2023\/07\/6-casernes-J_.jpg\" \/>\n\t<meta property=\"og:image:width\" content=\"1920\" \/>\n\t<meta property=\"og:image:height\" content=\"1093\" \/>\n\t<meta property=\"og:image:type\" content=\"image\/jpeg\" \/>\n<meta name=\"author\" content=\"JorgeEARQ\" \/>\n<meta name=\"twitter:card\" content=\"summary_large_image\" \/>\n<meta name=\"twitter:label1\" content=\"Escrit per\" \/>\n\t<meta name=\"twitter:data1\" content=\"JorgeEARQ\" \/>\n\t<meta name=\"twitter:label2\" content=\"Temps estimat de lectura\" \/>\n\t<meta name=\"twitter:data2\" content=\"1 minut\" \/>\n<script type=\"application\/ld+json\" class=\"yoast-schema-graph\">{\"@context\":\"https:\\\/\\\/schema.org\",\"@graph\":[{\"@type\":\"Article\",\"@id\":\"https:\\\/\\\/exearquitectura.com\\\/ca\\\/com-un-edifici-pot-ajudar-a-descarbonitzar-el-mon\\\/#article\",\"isPartOf\":{\"@id\":\"https:\\\/\\\/exearquitectura.com\\\/ca\\\/com-un-edifici-pot-ajudar-a-descarbonitzar-el-mon\\\/\"},\"author\":{\"name\":\"JorgeEARQ\",\"@id\":\"https:\\\/\\\/exearquitectura.com\\\/#\\\/schema\\\/person\\\/f7d785d59592c8665ff5045eab6070c3\"},\"headline\":\"Com un edifici pot ajudar a descarbonitzar el m\u00f3n\",\"datePublished\":\"2023-07-24T15:06:51+00:00\",\"dateModified\":\"2024-02-15T11:23:01+00:00\",\"mainEntityOfPage\":{\"@id\":\"https:\\\/\\\/exearquitectura.com\\\/ca\\\/com-un-edifici-pot-ajudar-a-descarbonitzar-el-mon\\\/\"},\"wordCount\":308,\"commentCount\":0,\"image\":{\"@id\":\"https:\\\/\\\/exearquitectura.com\\\/ca\\\/com-un-edifici-pot-ajudar-a-descarbonitzar-el-mon\\\/#primaryimage\"},\"thumbnailUrl\":\"https:\\\/\\\/exearquitectura.com\\\/wp-content\\\/uploads\\\/2023\\\/07\\\/6-casernes-J_.jpg\",\"keywords\":[\"arquitecturaIndustrialitzada\",\"BenestarNatural\",\"Efici\u00e8nciaEnerg\u00e8tica\",\"Innovaci\u00f3Arquitect\u00f2nica\",\"Materials\",\"Models3D\",\"NaturalesaIntegrada\",\"Prefabricaci\u00f3\",\"ProjectesIndustrialitzats\",\"QualitatConstructiva\",\"Recuperaci\u00f3Espais\",\"Sostenibilitat\",\"SostenibilitatAmbiental\",\"TreballColaboratiu\"],\"articleSection\":[\"Construcci\u00f3 Industrialitzada\",\"Efici\u00e8ncia Energ\u00e8tica\",\"Habitatge social\",\"Sostenibilitat Mediambiental\",\"Treball col\u00b7laboratiu\"],\"inLanguage\":\"ca\"},{\"@type\":\"WebPage\",\"@id\":\"https:\\\/\\\/exearquitectura.com\\\/ca\\\/com-un-edifici-pot-ajudar-a-descarbonitzar-el-mon\\\/\",\"url\":\"https:\\\/\\\/exearquitectura.com\\\/ca\\\/com-un-edifici-pot-ajudar-a-descarbonitzar-el-mon\\\/\",\"name\":\"Com un edifici pot ajudar a descarbonitzar el m\u00f3n - exearquitectura\",\"isPartOf\":{\"@id\":\"https:\\\/\\\/exearquitectura.com\\\/#website\"},\"primaryImageOfPage\":{\"@id\":\"https:\\\/\\\/exearquitectura.com\\\/ca\\\/com-un-edifici-pot-ajudar-a-descarbonitzar-el-mon\\\/#primaryimage\"},\"image\":{\"@id\":\"https:\\\/\\\/exearquitectura.com\\\/ca\\\/com-un-edifici-pot-ajudar-a-descarbonitzar-el-mon\\\/#primaryimage\"},\"thumbnailUrl\":\"https:\\\/\\\/exearquitectura.com\\\/wp-content\\\/uploads\\\/2023\\\/07\\\/6-casernes-J_.jpg\",\"datePublished\":\"2023-07-24T15:06:51+00:00\",\"dateModified\":\"2024-02-15T11:23:01+00:00\",\"author\":{\"@id\":\"https:\\\/\\\/exearquitectura.com\\\/#\\\/schema\\\/person\\\/f7d785d59592c8665ff5045eab6070c3\"},\"description\":\"El projecte Casernes J56 albergar\u00e0 56 habitatges i una llar d\u2019infants a la planta baixa de l\u2019edifici, a m\u00e9s d\u2019incloure zones comunit\u00e0ries.\",\"breadcrumb\":{\"@id\":\"https:\\\/\\\/exearquitectura.com\\\/ca\\\/com-un-edifici-pot-ajudar-a-descarbonitzar-el-mon\\\/#breadcrumb\"},\"inLanguage\":\"ca\",\"potentialAction\":[{\"@type\":\"ReadAction\",\"target\":[\"https:\\\/\\\/exearquitectura.com\\\/ca\\\/com-un-edifici-pot-ajudar-a-descarbonitzar-el-mon\\\/\"]}]},{\"@type\":\"ImageObject\",\"inLanguage\":\"ca\",\"@id\":\"https:\\\/\\\/exearquitectura.com\\\/ca\\\/com-un-edifici-pot-ajudar-a-descarbonitzar-el-mon\\\/#primaryimage\",\"url\":\"https:\\\/\\\/exearquitectura.com\\\/wp-content\\\/uploads\\\/2023\\\/07\\\/6-casernes-J_.jpg\",\"contentUrl\":\"https:\\\/\\\/exearquitectura.com\\\/wp-content\\\/uploads\\\/2023\\\/07\\\/6-casernes-J_.jpg\",\"width\":1920,\"height\":1093},{\"@type\":\"BreadcrumbList\",\"@id\":\"https:\\\/\\\/exearquitectura.com\\\/ca\\\/com-un-edifici-pot-ajudar-a-descarbonitzar-el-mon\\\/#breadcrumb\",\"itemListElement\":[{\"@type\":\"ListItem\",\"position\":1,\"name\":\"Portada\",\"item\":\"https:\\\/\\\/exearquitectura.com\\\/\"},{\"@type\":\"ListItem\",\"position\":2,\"name\":\"Com un edifici pot ajudar a descarbonitzar el m\u00f3n\"}]},{\"@type\":\"WebSite\",\"@id\":\"https:\\\/\\\/exearquitectura.com\\\/#website\",\"url\":\"https:\\\/\\\/exearquitectura.com\\\/\",\"name\":\"exearquitectura\",\"description\":\"Building a better tomorrow today\",\"potentialAction\":[{\"@type\":\"SearchAction\",\"target\":{\"@type\":\"EntryPoint\",\"urlTemplate\":\"https:\\\/\\\/exearquitectura.com\\\/?s={search_term_string}\"},\"query-input\":{\"@type\":\"PropertyValueSpecification\",\"valueRequired\":true,\"valueName\":\"search_term_string\"}}],\"inLanguage\":\"ca\"},{\"@type\":\"Person\",\"@id\":\"https:\\\/\\\/exearquitectura.com\\\/#\\\/schema\\\/person\\\/f7d785d59592c8665ff5045eab6070c3\",\"name\":\"JorgeEARQ\",\"image\":{\"@type\":\"ImageObject\",\"inLanguage\":\"ca\",\"@id\":\"https:\\\/\\\/secure.gravatar.com\\\/avatar\\\/29ef4f994990ed757e3703722fadee0034981240e54c50aa0fb737c89ce62196?s=96&d=mm&r=g\",\"url\":\"https:\\\/\\\/secure.gravatar.com\\\/avatar\\\/29ef4f994990ed757e3703722fadee0034981240e54c50aa0fb737c89ce62196?s=96&d=mm&r=g\",\"contentUrl\":\"https:\\\/\\\/secure.gravatar.com\\\/avatar\\\/29ef4f994990ed757e3703722fadee0034981240e54c50aa0fb737c89ce62196?s=96&d=mm&r=g\",\"caption\":\"JorgeEARQ\"},\"url\":\"https:\\\/\\\/exearquitectura.com\\\/ca\\\/author\\\/jorgeearq\\\/\"}]}<\/script>\n<!-- \/ Yoast SEO plugin. -->","yoast_head_json":{"title":"Com un edifici pot ajudar a descarbonitzar el m\u00f3n - exearquitectura","description":"El projecte Casernes J56 albergar\u00e0 56 habitatges i una llar d\u2019infants a la planta baixa de l\u2019edifici, a m\u00e9s d\u2019incloure zones comunit\u00e0ries.","robots":{"index":"index","follow":"follow","max-snippet":"max-snippet:-1","max-image-preview":"max-image-preview:large","max-video-preview":"max-video-preview:-1"},"canonical":"https:\/\/exearquitectura.com\/ca\/com-un-edifici-pot-ajudar-a-descarbonitzar-el-mon\/","og_locale":"ca_ES","og_type":"article","og_title":"Com un edifici pot ajudar a descarbonitzar el m\u00f3n - exearquitectura","og_description":"El projecte Casernes J56 albergar\u00e0 56 habitatges i una llar d\u2019infants a la planta baixa de l\u2019edifici, a m\u00e9s d\u2019incloure zones comunit\u00e0ries.","og_url":"https:\/\/exearquitectura.com\/ca\/com-un-edifici-pot-ajudar-a-descarbonitzar-el-mon\/","og_site_name":"exearquitectura","article_published_time":"2023-07-24T15:06:51+00:00","article_modified_time":"2024-02-15T11:23:01+00:00","og_image":[{"width":1920,"height":1093,"url":"https:\/\/exearquitectura.com\/wp-content\/uploads\/2023\/07\/6-casernes-J_.jpg","type":"image\/jpeg"}],"author":"JorgeEARQ","twitter_card":"summary_large_image","twitter_misc":{"Escrit per":"JorgeEARQ","Temps estimat de lectura":"1 minut"},"schema":{"@context":"https:\/\/schema.org","@graph":[{"@type":"Article","@id":"https:\/\/exearquitectura.com\/ca\/com-un-edifici-pot-ajudar-a-descarbonitzar-el-mon\/#article","isPartOf":{"@id":"https:\/\/exearquitectura.com\/ca\/com-un-edifici-pot-ajudar-a-descarbonitzar-el-mon\/"},"author":{"name":"JorgeEARQ","@id":"https:\/\/exearquitectura.com\/#\/schema\/person\/f7d785d59592c8665ff5045eab6070c3"},"headline":"Com un edifici pot ajudar a descarbonitzar el m\u00f3n","datePublished":"2023-07-24T15:06:51+00:00","dateModified":"2024-02-15T11:23:01+00:00","mainEntityOfPage":{"@id":"https:\/\/exearquitectura.com\/ca\/com-un-edifici-pot-ajudar-a-descarbonitzar-el-mon\/"},"wordCount":308,"commentCount":0,"image":{"@id":"https:\/\/exearquitectura.com\/ca\/com-un-edifici-pot-ajudar-a-descarbonitzar-el-mon\/#primaryimage"},"thumbnailUrl":"https:\/\/exearquitectura.com\/wp-content\/uploads\/2023\/07\/6-casernes-J_.jpg","keywords":["arquitecturaIndustrialitzada","BenestarNatural","Efici\u00e8nciaEnerg\u00e8tica","Innovaci\u00f3Arquitect\u00f2nica","Materials","Models3D","NaturalesaIntegrada","Prefabricaci\u00f3","ProjectesIndustrialitzats","QualitatConstructiva","Recuperaci\u00f3Espais","Sostenibilitat","SostenibilitatAmbiental","TreballColaboratiu"],"articleSection":["Construcci\u00f3 Industrialitzada","Efici\u00e8ncia Energ\u00e8tica","Habitatge social","Sostenibilitat Mediambiental","Treball col\u00b7laboratiu"],"inLanguage":"ca"},{"@type":"WebPage","@id":"https:\/\/exearquitectura.com\/ca\/com-un-edifici-pot-ajudar-a-descarbonitzar-el-mon\/","url":"https:\/\/exearquitectura.com\/ca\/com-un-edifici-pot-ajudar-a-descarbonitzar-el-mon\/","name":"Com un edifici pot ajudar a descarbonitzar el m\u00f3n - exearquitectura","isPartOf":{"@id":"https:\/\/exearquitectura.com\/#website"},"primaryImageOfPage":{"@id":"https:\/\/exearquitectura.com\/ca\/com-un-edifici-pot-ajudar-a-descarbonitzar-el-mon\/#primaryimage"},"image":{"@id":"https:\/\/exearquitectura.com\/ca\/com-un-edifici-pot-ajudar-a-descarbonitzar-el-mon\/#primaryimage"},"thumbnailUrl":"https:\/\/exearquitectura.com\/wp-content\/uploads\/2023\/07\/6-casernes-J_.jpg","datePublished":"2023-07-24T15:06:51+00:00","dateModified":"2024-02-15T11:23:01+00:00","author":{"@id":"https:\/\/exearquitectura.com\/#\/schema\/person\/f7d785d59592c8665ff5045eab6070c3"},"description":"El projecte Casernes J56 albergar\u00e0 56 habitatges i una llar d\u2019infants a la planta baixa de l\u2019edifici, a m\u00e9s d\u2019incloure zones comunit\u00e0ries.","breadcrumb":{"@id":"https:\/\/exearquitectura.com\/ca\/com-un-edifici-pot-ajudar-a-descarbonitzar-el-mon\/#breadcrumb"},"inLanguage":"ca","potentialAction":[{"@type":"ReadAction","target":["https:\/\/exearquitectura.com\/ca\/com-un-edifici-pot-ajudar-a-descarbonitzar-el-mon\/"]}]},{"@type":"ImageObject","inLanguage":"ca","@id":"https:\/\/exearquitectura.com\/ca\/com-un-edifici-pot-ajudar-a-descarbonitzar-el-mon\/#primaryimage","url":"https:\/\/exearquitectura.com\/wp-content\/uploads\/2023\/07\/6-casernes-J_.jpg","contentUrl":"https:\/\/exearquitectura.com\/wp-content\/uploads\/2023\/07\/6-casernes-J_.jpg","width":1920,"height":1093},{"@type":"BreadcrumbList","@id":"https:\/\/exearquitectura.com\/ca\/com-un-edifici-pot-ajudar-a-descarbonitzar-el-mon\/#breadcrumb","itemListElement":[{"@type":"ListItem","position":1,"name":"Portada","item":"https:\/\/exearquitectura.com\/"},{"@type":"ListItem","position":2,"name":"Com un edifici pot ajudar a descarbonitzar el m\u00f3n"}]},{"@type":"WebSite","@id":"https:\/\/exearquitectura.com\/#website","url":"https:\/\/exearquitectura.com\/","name":"exearquitectura","description":"Building a better tomorrow today","potentialAction":[{"@type":"SearchAction","target":{"@type":"EntryPoint","urlTemplate":"https:\/\/exearquitectura.com\/?s={search_term_string}"},"query-input":{"@type":"PropertyValueSpecification","valueRequired":true,"valueName":"search_term_string"}}],"inLanguage":"ca"},{"@type":"Person","@id":"https:\/\/exearquitectura.com\/#\/schema\/person\/f7d785d59592c8665ff5045eab6070c3","name":"JorgeEARQ","image":{"@type":"ImageObject","inLanguage":"ca","@id":"https:\/\/secure.gravatar.com\/avatar\/29ef4f994990ed757e3703722fadee0034981240e54c50aa0fb737c89ce62196?s=96&d=mm&r=g","url":"https:\/\/secure.gravatar.com\/avatar\/29ef4f994990ed757e3703722fadee0034981240e54c50aa0fb737c89ce62196?s=96&d=mm&r=g","contentUrl":"https:\/\/secure.gravatar.com\/avatar\/29ef4f994990ed757e3703722fadee0034981240e54c50aa0fb737c89ce62196?s=96&d=mm&r=g","caption":"JorgeEARQ"},"url":"https:\/\/exearquitectura.com\/ca\/author\/jorgeearq\/"}]}},"_links":{"self":[{"href":"https:\/\/exearquitectura.com\/ca\/wp-json\/wp\/v2\/posts\/2732","targetHints":{"allow":["GET"]}}],"collection":[{"href":"https:\/\/exearquitectura.com\/ca\/wp-json\/wp\/v2\/posts"}],"about":[{"href":"https:\/\/exearquitectura.com\/ca\/wp-json\/wp\/v2\/types\/post"}],"author":[{"embeddable":true,"href":"https:\/\/exearquitectura.com\/ca\/wp-json\/wp\/v2\/users\/2"}],"replies":[{"embeddable":true,"href":"https:\/\/exearquitectura.com\/ca\/wp-json\/wp\/v2\/comments?post=2732"}],"version-history":[{"count":8,"href":"https:\/\/exearquitectura.com\/ca\/wp-json\/wp\/v2\/posts\/2732\/revisions"}],"predecessor-version":[{"id":3516,"href":"https:\/\/exearquitectura.com\/ca\/wp-json\/wp\/v2\/posts\/2732\/revisions\/3516"}],"wp:featuredmedia":[{"embeddable":true,"href":"https:\/\/exearquitectura.com\/ca\/wp-json\/wp\/v2\/media\/2033"}],"wp:attachment":[{"href":"https:\/\/exearquitectura.com\/ca\/wp-json\/wp\/v2\/media?parent=2732"}],"wp:term":[{"taxonomy":"category","embeddable":true,"href":"https:\/\/exearquitectura.com\/ca\/wp-json\/wp\/v2\/categories?post=2732"},{"taxonomy":"post_tag","embeddable":true,"href":"https:\/\/exearquitectura.com\/ca\/wp-json\/wp\/v2\/tags?post=2732"}],"curies":[{"name":"wp","href":"https:\/\/api.w.org\/{rel}","templated":true}]}}